{"id":16584,"date":"2026-01-18T10:54:11","date_gmt":"2026-01-18T10:54:11","guid":{"rendered":"https:\/\/reonhost.com\/?p=16584"},"modified":"2026-01-18T10:54:11","modified_gmt":"2026-01-18T10:54:11","slug":"vuelta-a-nagyszeru-espana-17-szakasz-teljes-hatekonysag-es-allas","status":"publish","type":"post","link":"https:\/\/reonhost.com\/index.php\/2026\/01\/18\/vuelta-a-nagyszeru-espana-17-szakasz-teljes-hatekonysag-es-allas\/","title":{"rendered":"Vuelta, a nagyszer\u0171 Espa\u00f1a 17. szakasz Teljes hat\u00e9konys\u00e1g \u00e9s \u00e1ll\u00e1s"},"content":{"rendered":"<div id=\"toc\" style=\"background: #f9f9f9;border: 1px solid #aaa;display: table;margin-bottom: 1em;padding: 1em;width: 350px;\">\n<p class=\"toctitle\" style=\"font-weight: 700;text-align: center;\">Tartalom<\/p>\n<ul class=\"toc_list\">\n<li><a href=\"#toc-0\">V\u00e1lik<\/a><\/li>\n<li><a href=\"#toc-1\">Vingeaard szerint Pidcock anyja ind\u00edtotta el a Vuelta r\u00f6gt\u00f6nz\u00f6tt csod\u00e1inak dobog\u00f3s helyez\u00e9s\u00e9t<\/a><\/li>\n<li><a href=\"#toc-2\">F\u00e9rfi profi orsz\u00e1g\u00fati versenyek bemutat\u00f3i a 2025-\u00f6s UCI orsz\u00e1g\u00fati k\u00f6z\u00f6ss\u00e9gi bajnoks\u00e1gon Tissot<\/a><\/li>\n<\/ul>\n<\/div>\n<p>Trees \u00e9s Laurens Huys (Ark\u00e9a-B&amp;B Rooms) mind\u00f6ssze 39 m\u00e1sodperccel vannak lemaradva a vezet\u00e9sedt\u0151l. A Red Bull \u00fagy gondolja, hogy lez\u00e1rja az utat, ez a mai sz\u00fcnet\u00fcnk. Val\u00f3j\u00e1ban Aleksandr Vlasov \u00e9pp most rajtolt el egy sz\u00fcnetnyivel a saj\u00e1tjukt\u00f3l. A Reddish Bull-Bora-Hansgrohe megpr\u00f3b\u00e1lja tartani a temp\u00f3t a mez\u0151ny elej\u00e9n. Egy kategoriz\u00e1lt feljebb jut\u00e1s, de val\u00f3sz\u00edn\u0171leg vad temp\u00f3ban fogj\u00e1k lek\u00fczdeni. <!--more--> A jelenlegi szakasz, mind\u00f6ssze 137,5 km-rel, a 2024-es Vuelta a go Espa\u00f1a legr\u00f6videbb szakasza.<\/p>\n<h2 id=\"toc-0\">V\u00e1lik<\/h2>\n<p>Milesi az eredeti piros trik\u00f3ja ennek <a href=\"https:\/\/fogadas-sport.com\/bet\/analitic\">fogadas-sport.com l\u00e1togasd meg weboldalunkat<\/a> a keddi esti csat\u00e1nak, \u00e9s ez m\u00e1r egy \u00f6r\u00f6kk\u00e9val\u00f3s\u00e1gnak t\u0171nik. Ha valaki sz\u00e9tv\u00e1lik, 27 versenyz\u0151 marad a saj\u00e1t verseny \u00e9l\u00e9n, akik 20 m\u00e1sodperces el\u0151nnyel \u00e1llnak a mez\u0151nyben. Eddig el\u00e9g \u0151r\u00fclt volt, \u00e9s a mez\u0151ny sem volt hajland\u00f3 seg\u00edteni a tov\u00e1bbjut\u00e1sban, am\u00edg az \u00f6sszes \u00faj n\u00e9v be nem gy\u0171lt. Az \u00fajonc indul\u00f3 a hivatalos szakaszrajthoz vonul 7 km-en, k\u00f6z\u00e9p-eur\u00f3pai id\u0151 szerint 12:34-kor. \u201eL\u00e1ttam a t\u00f6bbsz\u00f6r\u00f6s nagy utaz\u00e1si bajnokokat, \u00e9s l\u00e1thattok egy list\u00e1t azokr\u00f3l a sr\u00e1cokr\u00f3l, akik m\u00e1r t\u00fal vannak ezen a csat\u00e1n, \u00e9s ma \u00e9n vagyok a list\u00e1n.\u201d Bele\u00fct\u00f6tt a hangulatba, amikor \u00faj p\u00e1ly\u00e1ra l\u00e9pett, hogy megszerezze az \u00faj gy\u0151zelm\u00e9t, \u00e9s ezzel seg\u00edtse \u0151ket a szakaszbeli el\u0151rel\u00e9p\u00e9seikben a 2020-as Giro d&#39;Itali\u00e1n \u00e9s a 2021-es Tour de France-on.<\/p>\n<h2 id=\"toc-1\">Vingeaard szerint Pidcock anyja ind\u00edtotta el a Vuelta r\u00f6gt\u00f6nz\u00f6tt csod\u00e1inak dobog\u00f3s helyez\u00e9s\u00e9t<\/h2>\n<ul>\n<li>Mik\u00f6zben bemutattuk az \u00faj GC-tagokat, semmilyen val\u00f3di ir\u00e1nymutat\u00e1s nem volt az \u00faj ranglista \u00e9l\u00e9n az ellen\u0151rz\u0151pontok b\u00e1rmelyik pontj\u00e1n, \u00e9s biztosan nem volt arra sem p\u00e9lda, hogy K\u00fcng k\u00f6zel\u00e9ben sz\u00e1ll\u00edts.<\/li>\n<li>Miel\u0151tt a 169 versenyz\u0151 letett volna egy kiv\u00e1l\u00f3, 7 km-es semleges\u00edtett szakaszt, a pontverseny vezet\u0151je, Kaden Groves (Alpecin-Deceuninck) \u00e9s Lewis Askey (Groupam-FDJ) g\u00e9p\u00e9szeti probl\u00e9m\u00e1k miatt lass\u00edtott, amikor Goodness Ezquerra (Burgos-BH) egy lak\u00e1skorm\u00e1ny miatt kit\u00e9r\u0151tt.<\/li>\n<li>Lehet, hogy most kicsit elhallgatott, de Mauro Schmid a k\u00f6vetkez\u0151 versenyz\u0151, akit ki\u00fct Castrillo sz\u00edn\u00e9r\u0151l.<\/li>\n<li>Poels mindk\u00e9t ker\u00e9kp\u00e1rost benevezte, \u00e9s te 25 m\u00e1sodperces el\u0151nyre tehetsz szert, mik\u00f6zben \u0151k Puerto de Arenillas \u00faj dombjainak l\u00e1b\u00e1n\u00e1l haladnak, tal\u00e1n k\u00f6vetni fogod az utat.<\/li>\n<\/ul>\n<p>Az \u00f6tsz\u00f6r\u00f6s Concert Tour de France bajnok Miguel Indurain tegnap a leg\u00fajabb versenyen van, mik\u00f6zben a motorosok kedvenc szitu\u00e1ci\u00f3jukat kapt\u00e1k. A sr\u00e1c \u00fagy besz\u00e9lt, hogy a Cyclingnews a szakaszt k\u00f6vetve elemezheti a leg\u00fajabb r\u00e9szeket. Ek\u00f6zben az Ineos Grenadiers \u00e9llovasa, Geraint Thomas egy \u00fajabb neh\u00e9z utat tudott meg a leg\u00fajabb Vuelt\u00e1n, miut\u00e1n a szakasz fel\u00e9n\u00e9l mechanikus hiba miatt leesett a kez\u00e9r\u0151l. A sr\u00e1c k\u00e9s\u0151bb elmondta, hogy a tov\u00e1bbiakban \u0151 \u00e9s fantasztikus csapata \u00e1ltal\u00e1ban &quot;minden nap \u00fagy indul, mintha egynapos lenne&quot;.<\/p>\n<p><img decoding=\"async\" src=\"https:\/\/underdogchance.com\/wp-content\/uploads\/2018\/12\/Betting-course.png\" alt=\"betting lines\" align=\"left\" border=\"0\"><\/p>\n<p>\u201eVal\u00f3j\u00e1ban egy kicsit neh\u00e9z nap volt, \u00e9lettelen\u00fcl, de a v\u00e9g\u00e9t\u0151l nyirkosan. A saj\u00e1t csapatom nagyon j\u00f3, szerencs\u00e9re j\u00f3 randev\u00fajuk volt, hogy megbirk\u00f3zzanak a Kern Pharma \u00e9s a DSM k\u00f6z\u00f6tti kiruccan\u00e1ssal. Sz\u00e9p jelenetek v\u00e1rnak az utols\u00f3 nap nagy t\u00far\u00e1j\u00e1n, k\u00fcl\u00f6n\u00f6sen, amikor a nap sugarai Madridon k\u00edv\u00fclr\u0151l is s\u00fctnek.\u201d<\/p>\n<h2 id=\"toc-2\">F\u00e9rfi profi orsz\u00e1g\u00fati versenyek bemutat\u00f3i a 2025-\u00f6s UCI orsz\u00e1g\u00fati k\u00f6z\u00f6ss\u00e9gi bajnoks\u00e1gon Tissot<\/h2>\n<p>Az utols\u00f3 szakasz 3151 km (1958 m\u00e9rf\u00f6ld) megt\u00e9tele ut\u00e1n Madridba, Spanyolorsz\u00e1gba vezet, \u00e9s csod\u00e1latos 53 000 m\u00e9ter (173 100 l\u00e1b) t\u00e1vols\u00e1gra lehet a t\u00far\u00e1z\u00e1st\u00f3l. Az \u00faj piros mez csapatt\u00e1rsakat biztos\u00edt a csapatnak, de \u0151k h\u00e1tulr\u00f3l l\u00f3gtak, ahelyett, hogy vezett\u00e9k volna \u0151ket a felfel\u00e9 vezet\u0151 \u00faton. Az \u00faj Kiwi h\u00e1rom Izrael-Prominent Technology csapatt\u00e1rsat is felvonultat a sz\u00fcnetben, \u00e9s \u0151k lesznek a feladatuk, hogy felk\u00e9sz\u00edts\u00e9k a parancsnokot, hogy l\u00e1ss\u00e1k a szakaszgy\u0151zelmet. Lenny Martinez (Groupama-FDJ) elr\u00fagja Bardet-t a c\u00e9lban, ezzel a m\u00e1sodik helyen \u00e1ll az \u00faj szakaszban, 28 m\u00e1sodperces h\u00e1tr\u00e1nnyal.<\/p>\n<p>Pacher megker\u00fclte a ter\u00fcletet, hogy seg\u00edtsen Van Aertnek, akinek Soler, Lecerf \u00e9s Hollmann a nyom\u00e1ban lesznek a j\u00f6v\u0151ben, \u00e9s a emelked\u00e9s gy\u00f6kere is k\u00f6zeleg. Miut\u00e1n a 9. szakaszon sok id\u0151t vesz\u00edtett, Lennert Van Eetvelt (Lotto-Dstny) \u00fajra megpr\u00f3b\u00e1l k\u00fczdeni, \u00e9s m\u00e1ris az \u00faj mez\u0151ny h\u00e1tulj\u00e1ban \u00fclsz. Nem sok sikerrel indul a fiatalabb belga GC-szakasz, 42 km-rel a h\u00e1tral\u00e9v\u0151 t\u00e1von. Csak egy r\u00f6vid lejt\u0151t teljes\u00edtett\u00fcnk, \u00e9s a m\u00e1sodik emelked\u0151n egyenesen feljutunk a reped\u00e9shez, ami egy kicsit bonyolultabb, mint az el\u0151z\u0151, az \u00faj Alto de Mabia (6 kilom\u00e9terre az 5,7%-t\u00f3l). Kevesebb, mint 15 km-t kell megtenni a nap folyam\u00e1n a k\u00f6vetkez\u0151 emelked\u0151 el\u0151tt, \u00e9s s\u0171r\u0171n kell megtenni, majd k\u00f6vetni az Alto de Vilach\u00e1nt (6,3 km az 5,5%-os szintk\u00fcl\u00f6nbs\u00e9gn\u00e9l), az Alto de Mabi\u00e1t (6 km az 5,7%-os szintk\u00fcl\u00f6nbs\u00e9gn\u00e9l) \u00e9s Alto de Moug\u00e1st (9,9 km a 6%-os szintk\u00fcl\u00f6nbs\u00e9gt\u0151l), hogy el\u00e9rj\u00fck a 40 km-es meg\u00e1ll\u00f3t.<\/p>\n<p><img decoding=\"async\" src=\"https:\/\/www.x4biker.com\/wp-content\/uploads\/2018\/06\/sports-bet-750x375.jpg\" alt=\"betting advice cs go\" align=\"left\" border=\"1\" style=\"padding: 20px;\"><\/p>\n<p>Sepp Kuss a Vuelta 13. szakasz\u00e1n nagyot h\u00fazott versenyt\u00e1rsait\u00f3l, ezzel megel\u0151zve a k\u00f6vetkez\u0151 szakaszt. F\u00e9l perccel volt lemaradva Jumbo-Visma csapatt\u00e1rs\u00e1t\u00f3l, a 2023-as Tour de France gy\u0151ztes\u00e9t\u0151l, Jonas Vingeardt\u00f3l, aki megszerezte els\u0151 Vuelta-szakasz\u00e1t. Betekint\u00e9st nyert\u00fcnk a Campus Tecnol\u00f3gico Cortizo Padron holnapi szakasz\u00e1nak profilj\u00e1ba, hogy seg\u00edts\u00fcnk a University Tecnol\u00f3gico Cortizo Padronnak, amely 166,4 km-t tett meg hegyvid\u00e9ki terepen, feladva ezzel az \u00fajabb sz\u00f6k\u00e9sre val\u00f3 es\u00e9lyt. \u201eNem k\u00f6nny\u0171 olyan helyet tal\u00e1lni, ahol Wout t\u00e1madhat\u00f3, mik\u00f6zben szinte mindenhol er\u0151s, ez\u00e9rt megpr\u00f3b\u00e1ltam statikus maradni az ir\u00e1ny\u00edt\u00e1saimban, \u00e9s csak a legjobbamat ny\u00fajtottam, \u00e9s lehet, hogy nem hitted el. Csak az\u00e9rt fognak tal\u00e1lkozni, mert egy nagyszer\u0171 ember vert meg, aki er\u0151sebb volt.\u201d Van Aert hozz\u00e1tette, hogy Pacher nem tehet semmit, csak elvesz\u00edti a vezet\u00e9s\u00e9t, \u00e9s lemarad a leg\u00fajabb jobb versenyz\u0151 m\u00f6g\u00f6tt. Mai utols\u00f3 kilom\u00e9ter, \u00e9s Van Aert Pachert\u0151l a h\u00e1ts\u00f3 korm\u00e1nyn\u00e1l \u00fclve gy\u0151zni fog, \u00e9s \u00f6r\u00f6mmel el\u0151z meg t\u00e9ged sprintelve.<\/p>\n","protected":false},"excerpt":{"rendered":"<p>Tartalom V\u00e1lik Vingeaard szerint Pidcock anyja ind\u00edtotta el a Vuelta r\u00f6gt\u00f6nz\u00f6tt csod\u00e1inak dobog\u00f3s helyez\u00e9s\u00e9t F\u00e9rfi profi orsz\u00e1g\u00fati versenyek bemutat\u00f3i a 2025-\u00f6s UCI orsz\u00e1g\u00fati k\u00f6z\u00f6ss\u00e9gi bajnoks\u00e1gon Tissot Trees \u00e9s Laurens Huys (Ark\u00e9a-B&amp;B Rooms) mind\u00f6ssze 39 m\u00e1sodperccel vannak lemaradva a vezet\u00e9sedt\u0151l. A Red Bull \u00fagy gondolja, hogy&#8230;<\/p>\n","protected":false},"author":1,"featured_media":0,"comment_status":"closed","ping_status":"open","sticky":false,"template":"","format":"standard","meta":{"footnotes":""},"categories":[1],"tags":[],"class_list":["post-16584","post","type-post","status-publish","format-standard","hentry","category-uncategorized"],"_links":{"self":[{"href":"https:\/\/reonhost.com\/index.php\/wp-json\/wp\/v2\/posts\/16584","targetHints":{"allow":["GET"]}}],"collection":[{"href":"https:\/\/reonhost.com\/index.php\/wp-json\/wp\/v2\/posts"}],"about":[{"href":"https:\/\/reonhost.com\/index.php\/wp-json\/wp\/v2\/types\/post"}],"author":[{"embeddable":true,"href":"https:\/\/reonhost.com\/index.php\/wp-json\/wp\/v2\/users\/1"}],"replies":[{"embeddable":true,"href":"https:\/\/reonhost.com\/index.php\/wp-json\/wp\/v2\/comments?post=16584"}],"version-history":[{"count":1,"href":"https:\/\/reonhost.com\/index.php\/wp-json\/wp\/v2\/posts\/16584\/revisions"}],"predecessor-version":[{"id":16585,"href":"https:\/\/reonhost.com\/index.php\/wp-json\/wp\/v2\/posts\/16584\/revisions\/16585"}],"wp:attachment":[{"href":"https:\/\/reonhost.com\/index.php\/wp-json\/wp\/v2\/media?parent=16584"}],"wp:term":[{"taxonomy":"category","embeddable":true,"href":"https:\/\/reonhost.com\/index.php\/wp-json\/wp\/v2\/categories?post=16584"},{"taxonomy":"post_tag","embeddable":true,"href":"https:\/\/reonhost.com\/index.php\/wp-json\/wp\/v2\/tags?post=16584"}],"curies":[{"name":"wp","href":"https:\/\/api.w.org\/{rel}","templated":true}]}}